{"id":13391,"date":"2024-06-03T16:26:07","date_gmt":"2024-06-03T16:26:07","guid":{"rendered":"https:\/\/berkanewecan.ma\/?p=13391"},"modified":"2024-06-03T16:29:19","modified_gmt":"2024-06-03T16:29:19","slug":"gitex-africa-2024-participation-de-majal-berkane-dans-la-transition-numerique-et-les-smart-cities","status":"publish","type":"post","link":"https:\/\/berkanewecan.ma\/en\/gitex-africa-2024-participation-de-majal-berkane-dans-la-transition-numerique-et-les-smart-cities\/","title":{"rendered":"Gitex Africa 2024: Participation of Majal Berkane in the digital transition and Smart Cities\u00a0"},"content":{"rendered":"<div data-elementor-type=\"wp-post\" data-elementor-id=\"13391\" class=\"elementor elementor-13391\">\n\t\t\t\t\t\t\t\t\t<section class=\"elementor-section elementor-top-section elementor-element elementor-element-954f7b1 elementor-section-boxed elementor-section-height-default elementor-section-height-default\" data-id=\"954f7b1\" data-element_type=\"section\">\n\t\t\t\t\t\t<div class=\"elementor-container elementor-column-gap-default\">\n\t\t\t\t\t<div class=\"elementor-column elementor-col-100 elementor-top-column elementor-element elementor-element-56ab76a\" data-id=\"56ab76a\" data-element_type=\"column\">\n\t\t\t<div class=\"elementor-widget-wrap elementor-element-populated\">\n\t\t\t\t\t\t\t\t<div class=\"elementor-element elementor-element-e0fd540 elementor-widget elementor-widget-text-editor\" data-id=\"e0fd540\" data-element_type=\"widget\" data-widget_type=\"text-editor.default\">\n\t\t\t\t<div class=\"elementor-widget-container\">\n\t\t\t<style>\/*! elementor - v3.14.0 - 26-06-2023 *\/\n.elementor-widget-text-editor.elementor-drop-cap-view-stacked .elementor-drop-cap{background-color:#69727d;color:#fff}.elementor-widget-text-editor.elementor-drop-cap-view-framed .elementor-drop-cap{color:#69727d;border:3px solid;background-color:transparent}.elementor-widget-text-editor:not(.elementor-drop-cap-view-default) .elementor-drop-cap{margin-top:8px}.elementor-widget-text-editor:not(.elementor-drop-cap-view-default) .elementor-drop-cap-letter{width:1em;height:1em}.elementor-widget-text-editor .elementor-drop-cap{float:left;text-align:center;line-height:1;font-size:50px}.elementor-widget-text-editor .elementor-drop-cap-letter{display:inline-block}<\/style>\t\t\t\t<p><span data-contrast=\"auto\">Majal Berkane took part in GITEX AFRICA MOROCCO 2024, the continent's largest technology and startup event, which was held in Marrakech from May 29 to 31. Supported by the Ministry of Digital Transition and Administrative Reform, this second edition of GITEX AFRICA in Marrakech confirmed Morocco's positioning as a technological hub in Africa. Majal Berkane played an active and significant role there.<\/span><\/p><p><span data-contrast=\"auto\">Represented by Dr. Badr Ben Hichou, Director of Information Systems and DGA, Majal Berkane was invited by the Ministry of Digital Transition and Administrative Reform as well as by the Digital Development Agency. During his speech at the E-Gov pavilion, Dr. Badr Ben Hichou shared success stories and digital transition and smart city projects carried out in Berkane. He also highlighted initiatives aimed at optimizing public services through the digitalization of processes.<\/span><span data-ccp-props=\"{&quot;201341983&quot;:0,&quot;335559739&quot;:160,&quot;335559740&quot;:259}\">\u00a0<\/span><\/p><p><span data-contrast=\"auto\">In addition to his presentation, Dr. Badr Ben Hichou participated in a round table at the APEBI Pavilion. This discussion focused on challenges and best practices in data governance in smart cities and brought together Moroccan startups specializing in BIM and digital twins. It was a valuable opportunity to exchange ideas and explore innovative solutions, thus strengthening collaboration between different players in the digital sector.<\/span><span data-ccp-props=\"{&quot;201341983&quot;:0,&quot;335559739&quot;:160,&quot;335559740&quot;:259}\">\u00a0<\/span><\/p><p><span data-contrast=\"auto\">Alongside the work of this edition, networking and exchange meetings took place, bringing together various players and experts in the field. Among them, representatives of Majal, Dr Badr Ben Hichou and Dr Zakaria Charouh. These meetings were a valuable opportunity to share best practices and discuss current trends in the field of artificial intelligence (AI) and Smart Cities. The discussions covered a wide range of topics, including the latest technological advances, practical applications of AI in urban management, and strategies to promote smarter and sustainable cities.<\/span><span data-ccp-props=\"{&quot;201341983&quot;:0,&quot;335559739&quot;:160,&quot;335559740&quot;:259}\">\u00a0<\/span><\/p><p><span data-contrast=\"auto\">Majal Berkane's participation in GITEX AFRICA 2024 illustrates its continued commitment to digital transformation and its leadership role in the development of smart solutions for public services.<\/span><span data-ccp-props=\"{&quot;201341983&quot;:0,&quot;335559739&quot;:160,&quot;335559740&quot;:259}\">\u00a0<\/span><\/p>\t\t\t\t\t\t<\/div>\n\t\t\t\t<\/div>\n\t\t\t\t<div class=\"elementor-element elementor-element-02c134a elementor-arrows-position-inside elementor-pagination-position-outside elementor-widget elementor-widget-image-carousel\" data-id=\"02c134a\" data-element_type=\"widget\" data-settings=\"{&quot;slides_to_show&quot;:&quot;1&quot;,&quot;navigation&quot;:&quot;both&quot;,&quot;autoplay&quot;:&quot;yes&quot;,&quot;pause_on_hover&quot;:&quot;yes&quot;,&quot;pause_on_interaction&quot;:&quot;yes&quot;,&quot;autoplay_speed&quot;:5000,&quot;infinite&quot;:&quot;yes&quot;,&quot;effect&quot;:&quot;slide&quot;,&quot;speed&quot;:500}\" data-widget_type=\"image-carousel.default\">\n\t\t\t\t<div class=\"elementor-widget-container\">\n\t\t\t<style>\/*! elementor - v3.14.0 - 26-06-2023 *\/\n.elementor-widget-image-carousel .swiper,.elementor-widget-image-carousel .swiper-container{position:static}.elementor-widget-image-carousel .swiper-container .swiper-slide figure,.elementor-widget-image-carousel .swiper .swiper-slide figure{line-height:inherit}.elementor-widget-image-carousel .swiper-slide{text-align:center}.elementor-image-carousel-wrapper:not(.swiper-container-initialized):not(.swiper-initialized) .swiper-slide{max-width:calc(100% \/ var(--e-image-carousel-slides-to-show, 3))}<\/style>\t\t<div class=\"elementor-image-carousel-wrapper swiper\" dir=\"ltr\">\n\t\t\t<div class=\"elementor-image-carousel swiper-wrapper\" aria-live=\"off\">\n\t\t\t\t\t\t\t\t<div class=\"swiper-slide\" role=\"group\" aria-roledescription=\"slide\" aria-label=\"1 of 3\"><figure class=\"swiper-slide-inner\"><img decoding=\"async\" class=\"swiper-slide-image\" src=\"https:\/\/berkanewecan.ma\/wp-content\/uploads\/2024\/06\/Untitled-Project-2024-06-03T144619.280.jpg\" alt=\"Untitled Project - 2024-06-03T144619.280\" \/><\/figure><\/div><div class=\"swiper-slide\" role=\"group\" aria-roledescription=\"slide\" aria-label=\"2 of 3\"><figure class=\"swiper-slide-inner\"><img decoding=\"async\" class=\"swiper-slide-image\" src=\"https:\/\/berkanewecan.ma\/wp-content\/uploads\/2024\/06\/gitex2-2024.jfif_.jpg\" alt=\"gitex2 2024.jfif\" \/><\/figure><\/div><div class=\"swiper-slide\" role=\"group\" aria-roledescription=\"slide\" aria-label=\"3 of 3\"><figure class=\"swiper-slide-inner\"><img decoding=\"async\" class=\"swiper-slide-image\" src=\"https:\/\/berkanewecan.ma\/wp-content\/uploads\/2024\/06\/gitex-2024.jfif_.jpg\" alt=\"gitex 2024.jfif\" \/><\/figure><\/div>\t\t\t<\/div>\n\t\t\t\t\t\t\t\t\t\t\t\t<div class=\"elementor-swiper-button elementor-swiper-button-prev\" role=\"button\" tabindex=\"0\">\n\t\t\t\t\t\t<i aria-hidden=\"true\" class=\"eicon-chevron-left\"><\/i>\t\t\t\t\t<\/div>\n\t\t\t\t\t<div class=\"elementor-swiper-button elementor-swiper-button-next\" role=\"button\" tabindex=\"0\">\n\t\t\t\t\t\t<i aria-hidden=\"true\" class=\"eicon-chevron-right\"><\/i>\t\t\t\t\t<\/div>\n\t\t\t\t\n\t\t\t\t\t\t\t\t\t<div class=\"swiper-pagination\"><\/div>\n\t\t\t\t\t\t\t\t\t<\/div>\n\t\t\t\t<\/div>\n\t\t\t\t<\/div>\n\t\t\t\t\t<\/div>\n\t\t<\/div>\n\t\t\t\t\t\t\t<\/div>\n\t\t<\/section>\n\t\t\t\t\t\t\t<\/div>","protected":false},"excerpt":{"rendered":"<p>Majal Berkane a pris part au GITEX AFRICA MOROCCO 2024, le plus grand \u00e9v\u00e9nement technologique et de startups du continent, qui s\u2019est tenu \u00e0 Marrakech du 29 au 31 Mai. Soutenue par le Minist\u00e8re de la Transition Num\u00e9rique et de la R\u00e9forme de l\u2019Administration, cette deuxi\u00e8me \u00e9dition de GITEX AFRICA \u00e0 Marrakech a confirm\u00e9 le [&hellip;]<\/p>","protected":false},"author":5,"featured_media":13392,"comment_status":"open","ping_status":"closed","sticky":false,"template":"","format":"standard","meta":{"footnotes":""},"categories":[46,45],"tags":[],"class_list":["post-13391","post","type-post","status-publish","format-standard","has-post-thumbnail","hentry","category-evenement","category-smart-city"],"_links":{"self":[{"href":"https:\/\/berkanewecan.ma\/en\/wp-json\/wp\/v2\/posts\/13391","targetHints":{"allow":["GET"]}}],"collection":[{"href":"https:\/\/berkanewecan.ma\/en\/wp-json\/wp\/v2\/posts"}],"about":[{"href":"https:\/\/berkanewecan.ma\/en\/wp-json\/wp\/v2\/types\/post"}],"author":[{"embeddable":true,"href":"https:\/\/berkanewecan.ma\/en\/wp-json\/wp\/v2\/users\/5"}],"replies":[{"embeddable":true,"href":"https:\/\/berkanewecan.ma\/en\/wp-json\/wp\/v2\/comments?post=13391"}],"version-history":[{"count":0,"href":"https:\/\/berkanewecan.ma\/en\/wp-json\/wp\/v2\/posts\/13391\/revisions"}],"wp:featuredmedia":[{"embeddable":true,"href":"https:\/\/berkanewecan.ma\/en\/wp-json\/wp\/v2\/media\/13392"}],"wp:attachment":[{"href":"https:\/\/berkanewecan.ma\/en\/wp-json\/wp\/v2\/media?parent=13391"}],"wp:term":[{"taxonomy":"category","embeddable":true,"href":"https:\/\/berkanewecan.ma\/en\/wp-json\/wp\/v2\/categories?post=13391"},{"taxonomy":"post_tag","embeddable":true,"href":"https:\/\/berkanewecan.ma\/en\/wp-json\/wp\/v2\/tags?post=13391"}],"curies":[{"name":"wp","href":"https:\/\/api.w.org\/{rel}","templated":true}]}}