{"id":8981,"date":"2023-08-07T15:54:41","date_gmt":"2023-08-07T15:54:41","guid":{"rendered":"https:\/\/berkanewecan.ma\/?p=8981"},"modified":"2024-04-02T13:35:52","modified_gmt":"2024-04-02T13:35:52","slug":"berkane-fete-sa-coupe-du-trone-en-la-presence-de-grands-artistes","status":"publish","type":"post","link":"https:\/\/berkanewecan.ma\/en\/berkane-fete-sa-coupe-du-trone-en-la-presence-de-grands-artistes\/","title":{"rendered":"Berkane Celebrates Its Throne Cup with the Presence of Renowned Artists"},"content":{"rendered":"<div data-elementor-type=\"wp-post\" data-elementor-id=\"8981\" class=\"elementor elementor-8981\">\n\t\t\t\t\t\t\t\t\t<section class=\"elementor-section elementor-top-section elementor-element elementor-element-5fa074c elementor-section-boxed elementor-section-height-default elementor-section-height-default\" data-id=\"5fa074c\" data-element_type=\"section\">\n\t\t\t\t\t\t<div class=\"elementor-container elementor-column-gap-default\">\n\t\t\t\t\t<div class=\"elementor-column elementor-col-100 elementor-top-column elementor-element elementor-element-af1f023\" data-id=\"af1f023\" data-element_type=\"column\">\n\t\t\t<div class=\"elementor-widget-wrap elementor-element-populated\">\n\t\t\t\t\t\t\t\t<div class=\"elementor-element elementor-element-babc36c elementor-widget elementor-widget-text-editor\" data-id=\"babc36c\" data-element_type=\"widget\" data-widget_type=\"text-editor.default\">\n\t\t\t\t<div class=\"elementor-widget-container\">\n\t\t\t<style>\/*! elementor - v3.14.0 - 26-06-2023 *\/\n.elementor-widget-text-editor.elementor-drop-cap-view-stacked .elementor-drop-cap{background-color:#69727d;color:#fff}.elementor-widget-text-editor.elementor-drop-cap-view-framed .elementor-drop-cap{color:#69727d;border:3px solid;background-color:transparent}.elementor-widget-text-editor:not(.elementor-drop-cap-view-default) .elementor-drop-cap{margin-top:8px}.elementor-widget-text-editor:not(.elementor-drop-cap-view-default) .elementor-drop-cap-letter{width:1em;height:1em}.elementor-widget-text-editor .elementor-drop-cap{float:left;text-align:center;line-height:1;font-size:50px}.elementor-widget-text-editor .elementor-drop-cap-letter{display:inline-block}<\/style>\t\t\t\t<p><span data-contrast=\"auto\">A new success is added to the repertoire of the Province of Berkane as the color of the orange tree triumphs on the national, African, and Arab sports scene.\u00a0<\/span><span data-ccp-props=\"{&quot;201341983&quot;:0,&quot;335559739&quot;:160,&quot;335559740&quot;:259}\">\u00a0<\/span><\/p><p><span data-contrast=\"auto\" style=\"font-size: 18px; color: var( --e-global-color-text );\">In celebration of the latest victory, the 3<\/span><span data-contrast=\"auto\" style=\"font-size: 18px; color: var( --e-global-color-text );\">rd<\/span><span data-contrast=\"auto\" style=\"font-size: 18px; color: var( --e-global-color-text );\"> Throne Cup, the Renaissance Sportive Club, in partnership with the Berkane Municipality, the Province of Berkane, and the Provincial Council, are organizing a musical festival featuring a selection of prominent Moroccan artists, as well as musical groups from the Berkane territory. This event will take place on Monday, August 7th, starting at 8:00 PM, in the large square adjacent to the Berkane artisans' village.\u00a0<\/span><span data-ccp-props=\"{&quot;201341983&quot;:0,&quot;335559739&quot;:160,&quot;335559740&quot;:259}\" style=\"font-size: 18px; color: var( --e-global-color-text );\">\u00a0<\/span><\/p><p><span data-contrast=\"auto\">This event is also organized with the aim of paying tribute to all those who have contributed, directly or indirectly, to the progress achieved by RSB throughout its journey: players and coaches, administration, technical and medical staff, local authorities, and more.\u00a0<\/span><span data-ccp-props=\"{&quot;201341983&quot;:0,&quot;335559739&quot;:160,&quot;335559740&quot;:259}\">\u00a0<\/span><\/p><p><span data-contrast=\"auto\">Preparations have preceded the D-Day, and logistical and security measures have been put in place to ensure better organization for the benefit of the audience and guests.<\/span><span data-ccp-props=\"{&quot;201341983&quot;:0,&quot;335559739&quot;:160,&quot;335559740&quot;:259}\">\u00a0<\/span><\/p><p><span data-contrast=\"auto\">The event expects to welcome around 35,000 spectators, in addition to officials from both the national and local levels, as well as representatives from various media outlets with different specialties and origins.\u00a0<\/span><span data-ccp-props=\"{&quot;201341983&quot;:0,&quot;335559739&quot;:160,&quot;335559740&quot;:259}\">\u00a0<\/span><\/p>\t\t\t\t\t\t<\/div>\n\t\t\t\t<\/div>\n\t\t\t\t<div class=\"elementor-element elementor-element-4d5da9c elementor-widget elementor-widget-spacer\" data-id=\"4d5da9c\" data-element_type=\"widget\" data-widget_type=\"spacer.default\">\n\t\t\t\t<div class=\"elementor-widget-container\">\n\t\t\t<style>\/*! elementor - v3.14.0 - 26-06-2023 *\/\n.elementor-column .elementor-spacer-inner{height:var(--spacer-size)}.e-con{--container-widget-width:100%}.e-con-inner>.elementor-widget-spacer,.e-con>.elementor-widget-spacer{width:var(--container-widget-width,var(--spacer-size));--align-self:var(--container-widget-align-self,initial);--flex-shrink:0}.e-con-inner>.elementor-widget-spacer>.elementor-widget-container,.e-con-inner>.elementor-widget-spacer>.elementor-widget-container>.elementor-spacer,.e-con>.elementor-widget-spacer>.elementor-widget-container,.e-con>.elementor-widget-spacer>.elementor-widget-container>.elementor-spacer{height:100%}.e-con-inner>.elementor-widget-spacer>.elementor-widget-container>.elementor-spacer>.elementor-spacer-inner,.e-con>.elementor-widget-spacer>.elementor-widget-container>.elementor-spacer>.elementor-spacer-inner{height:var(--container-widget-height,var(--spacer-size))}<\/style>\t\t<div class=\"elementor-spacer\">\n\t\t\t<div class=\"elementor-spacer-inner\"><\/div>\n\t\t<\/div>\n\t\t\t\t<\/div>\n\t\t\t\t<\/div>\n\t\t\t\t\t<\/div>\n\t\t<\/div>\n\t\t\t\t\t\t\t<\/div>\n\t\t<\/section>\n\t\t\t\t<section class=\"elementor-section elementor-top-section elementor-element elementor-element-541ab4e elementor-section-boxed elementor-section-height-default elementor-section-height-default\" data-id=\"541ab4e\" data-element_type=\"section\">\n\t\t\t\t\t\t<div class=\"elementor-container elementor-column-gap-default\">\n\t\t\t\t\t<div class=\"elementor-column elementor-col-100 elementor-top-column elementor-element elementor-element-8f16441\" data-id=\"8f16441\" data-element_type=\"column\">\n\t\t\t<div class=\"elementor-widget-wrap elementor-element-populated\">\n\t\t\t\t\t\t\t\t<div class=\"elementor-element elementor-element-7246b9e elementor-widget elementor-widget-image\" data-id=\"7246b9e\" data-element_type=\"widget\" data-widget_type=\"image.default\">\n\t\t\t\t<div class=\"elementor-widget-container\">\n\t\t\t<style>\/*! elementor - v3.14.0 - 26-06-2023 *\/\n.elementor-widget-image{text-align:center}.elementor-widget-image a{display:inline-block}.elementor-widget-image a img[src$=\".svg\"]{width:48px}.elementor-widget-image img{vertical-align:middle;display:inline-block}<\/style>\t\t\t\t\t\t\t\t\t\t\t\t<img loading=\"lazy\" decoding=\"async\" width=\"750\" height=\"756\" src=\"https:\/\/berkanewecan.ma\/wp-content\/uploads\/2023\/08\/WhatsApp-Image-2023-08-07-at-17.13.09-1.jpeg\" class=\"attachment-large size-large wp-image-8987\" alt=\"\" srcset=\"https:\/\/berkanewecan.ma\/wp-content\/uploads\/2023\/08\/WhatsApp-Image-2023-08-07-at-17.13.09-1.jpeg 750w, https:\/\/berkanewecan.ma\/wp-content\/uploads\/2023\/08\/WhatsApp-Image-2023-08-07-at-17.13.09-1-298x300.jpeg 298w, https:\/\/berkanewecan.ma\/wp-content\/uploads\/2023\/08\/WhatsApp-Image-2023-08-07-at-17.13.09-1-150x150.jpeg 150w, https:\/\/berkanewecan.ma\/wp-content\/uploads\/2023\/08\/WhatsApp-Image-2023-08-07-at-17.13.09-1-768x774.jpeg 768w, https:\/\/berkanewecan.ma\/wp-content\/uploads\/2023\/08\/WhatsApp-Image-2023-08-07-at-17.13.09-1-12x12.jpeg 12w, https:\/\/berkanewecan.ma\/wp-content\/uploads\/2023\/08\/WhatsApp-Image-2023-08-07-at-17.13.09-1-180x180.jpeg 180w, https:\/\/berkanewecan.ma\/wp-content\/uploads\/2023\/08\/WhatsApp-Image-2023-08-07-at-17.13.09-1-120x120.jpeg 120w\" sizes=\"auto, (max-width: 750px) 100vw, 750px\" \/>\t\t\t\t\t\t\t\t\t\t\t\t\t\t\t<\/div>\n\t\t\t\t<\/div>\n\t\t\t\t\t<\/div>\n\t\t<\/div>\n\t\t\t\t\t\t\t<\/div>\n\t\t<\/section>\n\t\t\t\t\t\t\t<\/div>","protected":false},"excerpt":{"rendered":"<p>Un nouveau succ\u00e8s s\u2019ajoute au r\u00e9pertoire de la Province de\u202fBerkane, la couleur de l\u2019Oranger s\u2019est impos\u00e9e avec succ\u00e8s sur la sc\u00e8ne sportive \u00e0 l\u2019\u00e9chelle nationale africaine et arabe.\u00a0\u00a0 A l\u2019occasion de la derni\u00e8re victoire remport\u00e9e, la 3\u00e8me Coupe du Tr\u00f4ne, le Club de la Renaissance Sportive, en partenariat avec la Commune de Berkane, La Province [&hellip;]<\/p>","protected":false},"author":8,"featured_media":8982,"comment_status":"open","ping_status":"closed","sticky":false,"template":"","format":"standard","meta":{"footnotes":""},"categories":[46],"tags":[],"class_list":["post-8981","post","type-post","status-publish","format-standard","has-post-thumbnail","hentry","category-evenement"],"_links":{"self":[{"href":"https:\/\/berkanewecan.ma\/en\/wp-json\/wp\/v2\/posts\/8981","targetHints":{"allow":["GET"]}}],"collection":[{"href":"https:\/\/berkanewecan.ma\/en\/wp-json\/wp\/v2\/posts"}],"about":[{"href":"https:\/\/berkanewecan.ma\/en\/wp-json\/wp\/v2\/types\/post"}],"author":[{"embeddable":true,"href":"https:\/\/berkanewecan.ma\/en\/wp-json\/wp\/v2\/users\/8"}],"replies":[{"embeddable":true,"href":"https:\/\/berkanewecan.ma\/en\/wp-json\/wp\/v2\/comments?post=8981"}],"version-history":[{"count":0,"href":"https:\/\/berkanewecan.ma\/en\/wp-json\/wp\/v2\/posts\/8981\/revisions"}],"wp:featuredmedia":[{"embeddable":true,"href":"https:\/\/berkanewecan.ma\/en\/wp-json\/wp\/v2\/media\/8982"}],"wp:attachment":[{"href":"https:\/\/berkanewecan.ma\/en\/wp-json\/wp\/v2\/media?parent=8981"}],"wp:term":[{"taxonomy":"category","embeddable":true,"href":"https:\/\/berkanewecan.ma\/en\/wp-json\/wp\/v2\/categories?post=8981"},{"taxonomy":"post_tag","embeddable":true,"href":"https:\/\/berkanewecan.ma\/en\/wp-json\/wp\/v2\/tags?post=8981"}],"curies":[{"name":"wp","href":"https:\/\/api.w.org\/{rel}","templated":true}]}}