{"id":3553,"date":"2023-06-26T09:37:14","date_gmt":"2023-06-26T09:37:14","guid":{"rendered":"https:\/\/berkanewecan.ma\/?p=3553"},"modified":"2024-03-29T11:50:36","modified_gmt":"2024-03-29T11:50:36","slug":"berkane-installe-ses-premieres-bornes-de-recharge-pour-vehicules-electriques","status":"publish","type":"post","link":"https:\/\/berkanewecan.ma\/fr\/berkane-installe-ses-premieres-bornes-de-recharge-pour-vehicules-electriques\/","title":{"rendered":"Berkane installe des bornes de recharge pour v\u00e9hicules \u00e9lectriques, favorisant la transition \u00e9cologique"},"content":{"rendered":"\t\t<div data-elementor-type=\"wp-post\" data-elementor-id=\"3553\" class=\"elementor elementor-3553\">\n\t\t\t\t\t\t\t\t\t<section class=\"elementor-section elementor-top-section elementor-element elementor-element-6c3b09c elementor-section-boxed elementor-section-height-default elementor-section-height-default\" data-id=\"6c3b09c\" data-element_type=\"section\">\n\t\t\t\t\t\t<div class=\"elementor-container elementor-column-gap-default\">\n\t\t\t\t\t<div class=\"elementor-column elementor-col-100 elementor-top-column elementor-element elementor-element-14ab62e\" data-id=\"14ab62e\" data-element_type=\"column\">\n\t\t\t<div class=\"elementor-widget-wrap elementor-element-populated\">\n\t\t\t\t\t\t\t\t<div class=\"elementor-element elementor-element-a211f57 elementor-widget elementor-widget-text-editor\" data-id=\"a211f57\" data-element_type=\"widget\" data-widget_type=\"text-editor.default\">\n\t\t\t\t<div class=\"elementor-widget-container\">\n\t\t\t<style>\/*! elementor - v3.14.0 - 26-06-2023 *\/\n.elementor-widget-text-editor.elementor-drop-cap-view-stacked .elementor-drop-cap{background-color:#69727d;color:#fff}.elementor-widget-text-editor.elementor-drop-cap-view-framed .elementor-drop-cap{color:#69727d;border:3px solid;background-color:transparent}.elementor-widget-text-editor:not(.elementor-drop-cap-view-default) .elementor-drop-cap{margin-top:8px}.elementor-widget-text-editor:not(.elementor-drop-cap-view-default) .elementor-drop-cap-letter{width:1em;height:1em}.elementor-widget-text-editor .elementor-drop-cap{float:left;text-align:center;line-height:1;font-size:50px}.elementor-widget-text-editor .elementor-drop-cap-letter{display:inline-block}<\/style>\t\t\t\t<p>La ville de Berkane, en partenariat avec la soci\u00e9t\u00e9 de d\u00e9veloppement local Majal Berkane pour l&#8217;innovation et l&#8217;intelligence territoriale et une entreprise priv\u00e9e, a r\u00e9cemment proc\u00e9d\u00e9 \u00e0 l&#8217;installation de deux bornes de recharge destin\u00e9es aux v\u00e9hicules \u00e9lectriques. Cette initiative s&#8217;inscrit parfaitement dans le cadre de la Strat\u00e9gie Nationale de D\u00e9veloppement Durable (SNDD) qui vise \u00e0 acc\u00e9l\u00e9rer la transition vers une \u00e9conomie verte et inclusive\u00a0d&#8217;ici\u00a02030. La d\u00e9claration de Omar Zerzouri.<\/p>\t\t\t\t\t\t<\/div>\n\t\t\t\t<\/div>\n\t\t\t\t<div class=\"elementor-element elementor-element-e87b4c1 elementor-widget elementor-widget-text-editor\" data-id=\"e87b4c1\" data-element_type=\"widget\" data-widget_type=\"text-editor.default\">\n\t\t\t\t<div class=\"elementor-widget-container\">\n\t\t\t\t\t\t\t<p>Omar Zerzouri, directeur g\u00e9n\u00e9ral de la soci\u00e9t\u00e9 de d\u00e9veloppement local (SDL) Majal Berkane, a pr\u00e9cis\u00e9 que ces deux stations pilotes, situ\u00e9es au c\u0153ur du centre-ville, apportent une valeur ajout\u00e9e significative \u00e0 la r\u00e9gion. Il a soulign\u00e9 que ces bornes sont id\u00e9alement situ\u00e9es \u00e0 proximit\u00e9 des administrations publiques, permettant ainsi aux citoyens de r\u00e9aliser diverses d\u00e9marches administratives pendant que leur v\u00e9hicule se recharge gratuitement.<\/p>\t\t\t\t\t\t<\/div>\n\t\t\t\t<\/div>\n\t\t\t\t<div class=\"elementor-element elementor-element-f32f673 elementor-widget elementor-widget-text-editor\" data-id=\"f32f673\" data-element_type=\"widget\" data-widget_type=\"text-editor.default\">\n\t\t\t\t<div class=\"elementor-widget-container\">\n\t\t\t\t\t\t\t<p><span> Il a \u00e9galement soulign\u00e9 que la province de Berkane s&#8217;aligne sur la tendance mondiale visant \u00e0 promouvoir l&#8217;abandon progressif des v\u00e9hicules \u00e0 essence et diesel, tout en encourageant la transition vers des v\u00e9hicules \u00e9lectriques plus respectueux de l&#8217;environnement. Les deux stations fonctionnent avec une capacit\u00e9 de 22 kilowatts, ce qui permet de recharger la plupart des v\u00e9hicules \u00e9lectriques jusqu&#8217;\u00e0 80 % en une heure et demie \u00e0 deux heures, les rendant ainsi plus rapides que d&#8217;autres stations de recharge, a ajout\u00e9\u00a0Omar\u00a0Zerzouri.<\/span><\/p>\t\t\t\t\t\t<\/div>\n\t\t\t\t<\/div>\n\t\t\t\t\t<\/div>\n\t\t<\/div>\n\t\t\t\t\t\t\t<\/div>\n\t\t<\/section>\n\t\t\t\t<section class=\"elementor-section elementor-top-section elementor-element elementor-element-f3827fd elementor-section-boxed elementor-section-height-default elementor-section-height-default\" data-id=\"f3827fd\" data-element_type=\"section\">\n\t\t\t\t\t\t<div class=\"elementor-container elementor-column-gap-default\">\n\t\t\t\t\t<div class=\"elementor-column elementor-col-100 elementor-top-column elementor-element elementor-element-02e9570\" data-id=\"02e9570\" data-element_type=\"column\">\n\t\t\t<div class=\"elementor-widget-wrap elementor-element-populated\">\n\t\t\t\t\t\t\t\t<div class=\"elementor-element elementor-element-3181aa3 elementor-widget elementor-widget-image\" data-id=\"3181aa3\" data-element_type=\"widget\" data-widget_type=\"image.default\">\n\t\t\t\t<div class=\"elementor-widget-container\">\n\t\t\t<style>\/*! elementor - v3.14.0 - 26-06-2023 *\/\n.elementor-widget-image{text-align:center}.elementor-widget-image a{display:inline-block}.elementor-widget-image a img[src$=\".svg\"]{width:48px}.elementor-widget-image img{vertical-align:middle;display:inline-block}<\/style>\t\t\t\t\t\t\t\t\t\t\t\t<img loading=\"lazy\" decoding=\"async\" width=\"1024\" height=\"576\" src=\"https:\/\/berkanewecan.ma\/wp-content\/uploads\/2023\/06\/WhatsApp-Image-2023-06-28-at-10.51.26-1024x576.jpeg\" class=\"attachment-large size-large wp-image-4411\" alt=\"\" srcset=\"https:\/\/berkanewecan.ma\/wp-content\/uploads\/2023\/06\/WhatsApp-Image-2023-06-28-at-10.51.26-1024x576.jpeg 1024w, https:\/\/berkanewecan.ma\/wp-content\/uploads\/2023\/06\/WhatsApp-Image-2023-06-28-at-10.51.26-300x169.jpeg 300w, https:\/\/berkanewecan.ma\/wp-content\/uploads\/2023\/06\/WhatsApp-Image-2023-06-28-at-10.51.26-768x432.jpeg 768w, https:\/\/berkanewecan.ma\/wp-content\/uploads\/2023\/06\/WhatsApp-Image-2023-06-28-at-10.51.26-1536x864.jpeg 1536w, https:\/\/berkanewecan.ma\/wp-content\/uploads\/2023\/06\/WhatsApp-Image-2023-06-28-at-10.51.26-18x10.jpeg 18w, https:\/\/berkanewecan.ma\/wp-content\/uploads\/2023\/06\/WhatsApp-Image-2023-06-28-at-10.51.26.jpeg 750w\" sizes=\"auto, (max-width: 1024px) 100vw, 1024px\" \/>\t\t\t\t\t\t\t\t\t\t\t\t\t\t\t<\/div>\n\t\t\t\t<\/div>\n\t\t\t\t<div class=\"elementor-element elementor-element-5fbe0fe elementor-widget elementor-widget-image\" data-id=\"5fbe0fe\" data-element_type=\"widget\" data-widget_type=\"image.default\">\n\t\t\t\t<div class=\"elementor-widget-container\">\n\t\t\t\t\t\t\t\t\t\t\t\t\t\t\t<img loading=\"lazy\" decoding=\"async\" width=\"1024\" height=\"683\" src=\"https:\/\/berkanewecan.ma\/wp-content\/uploads\/2023\/06\/WhatsApp-Image-2023-06-26-a-11.25.28-n-1024x683.jpg\" class=\"attachment-large size-large wp-image-3563\" alt=\"\" srcset=\"https:\/\/berkanewecan.ma\/wp-content\/uploads\/2023\/06\/WhatsApp-Image-2023-06-26-a-11.25.28-n-1024x683.jpg 1024w, https:\/\/berkanewecan.ma\/wp-content\/uploads\/2023\/06\/WhatsApp-Image-2023-06-26-a-11.25.28-n-300x200.jpg 300w, https:\/\/berkanewecan.ma\/wp-content\/uploads\/2023\/06\/WhatsApp-Image-2023-06-26-a-11.25.28-n-768x512.jpg 768w, https:\/\/berkanewecan.ma\/wp-content\/uploads\/2023\/06\/WhatsApp-Image-2023-06-26-a-11.25.28-n-18x12.jpg 18w, https:\/\/berkanewecan.ma\/wp-content\/uploads\/2023\/06\/WhatsApp-Image-2023-06-26-a-11.25.28-n.jpg 750w\" sizes=\"auto, (max-width: 1024px) 100vw, 1024px\" \/>\t\t\t\t\t\t\t\t\t\t\t\t\t\t\t<\/div>\n\t\t\t\t<\/div>\n\t\t\t\t\t<\/div>\n\t\t<\/div>\n\t\t\t\t\t\t\t<\/div>\n\t\t<\/section>\n\t\t\t\t\t\t\t<\/div>\n\t\t","protected":false},"excerpt":{"rendered":"<p>La ville de Berkane, en partenariat avec la soci\u00e9t\u00e9 de d\u00e9veloppement local Majal Berkane pour l&#8217;innovation et l&#8217;intelligence territoriale et une entreprise priv\u00e9e, a r\u00e9cemment proc\u00e9d\u00e9 \u00e0 l&#8217;installation de deux bornes de recharge destin\u00e9es aux v\u00e9hicules \u00e9lectriques. Cette initiative s&#8217;inscrit parfaitement dans le cadre de la Strat\u00e9gie Nationale de D\u00e9veloppement Durable (SNDD) qui vise \u00e0 [&hellip;]<\/p>\n","protected":false},"author":8,"featured_media":3554,"comment_status":"open","ping_status":"closed","sticky":false,"template":"","format":"standard","meta":{"footnotes":""},"categories":[49],"tags":[],"class_list":["post-3553","post","type-post","status-publish","format-standard","has-post-thumbnail","hentry","category-environnement"],"_links":{"self":[{"href":"https:\/\/berkanewecan.ma\/fr\/wp-json\/wp\/v2\/posts\/3553","targetHints":{"allow":["GET"]}}],"collection":[{"href":"https:\/\/berkanewecan.ma\/fr\/wp-json\/wp\/v2\/posts"}],"about":[{"href":"https:\/\/berkanewecan.ma\/fr\/wp-json\/wp\/v2\/types\/post"}],"author":[{"embeddable":true,"href":"https:\/\/berkanewecan.ma\/fr\/wp-json\/wp\/v2\/users\/8"}],"replies":[{"embeddable":true,"href":"https:\/\/berkanewecan.ma\/fr\/wp-json\/wp\/v2\/comments?post=3553"}],"version-history":[{"count":0,"href":"https:\/\/berkanewecan.ma\/fr\/wp-json\/wp\/v2\/posts\/3553\/revisions"}],"wp:featuredmedia":[{"embeddable":true,"href":"https:\/\/berkanewecan.ma\/fr\/wp-json\/wp\/v2\/media\/3554"}],"wp:attachment":[{"href":"https:\/\/berkanewecan.ma\/fr\/wp-json\/wp\/v2\/media?parent=3553"}],"wp:term":[{"taxonomy":"category","embeddable":true,"href":"https:\/\/berkanewecan.ma\/fr\/wp-json\/wp\/v2\/categories?post=3553"},{"taxonomy":"post_tag","embeddable":true,"href":"https:\/\/berkanewecan.ma\/fr\/wp-json\/wp\/v2\/tags?post=3553"}],"curies":[{"name":"wp","href":"https:\/\/api.w.org\/{rel}","templated":true}]}}