{"id":9137,"date":"2023-08-11T21:17:09","date_gmt":"2023-08-11T21:17:09","guid":{"rendered":"https:\/\/berkanewecan.ma\/?p=9137"},"modified":"2024-04-02T13:51:32","modified_gmt":"2024-04-02T13:51:32","slug":"celebration-de-la-journee-nationale-du-migrant-au-siege-de-la-province-de-berkane","status":"publish","type":"post","link":"https:\/\/berkanewecan.ma\/fr\/celebration-de-la-journee-nationale-du-migrant-au-siege-de-la-province-de-berkane\/","title":{"rendered":"C\u00e9l\u00e9bration de la Journ\u00e9e Nationale du Migrant au si\u00e8ge de la Province de Berkane"},"content":{"rendered":"\t\t<div data-elementor-type=\"wp-post\" data-elementor-id=\"9137\" class=\"elementor elementor-9137\">\n\t\t\t\t\t\t\t\t\t<section class=\"elementor-section elementor-top-section elementor-element elementor-element-19fb5cd elementor-section-boxed elementor-section-height-default elementor-section-height-default\" data-id=\"19fb5cd\" data-element_type=\"section\">\n\t\t\t\t\t\t<div class=\"elementor-container elementor-column-gap-default\">\n\t\t\t\t\t<div class=\"elementor-column elementor-col-100 elementor-top-column elementor-element elementor-element-31dd44a\" data-id=\"31dd44a\" data-element_type=\"column\">\n\t\t\t<div class=\"elementor-widget-wrap elementor-element-populated\">\n\t\t\t\t\t\t\t\t<div class=\"elementor-element elementor-element-ff2509b elementor-widget elementor-widget-text-editor\" data-id=\"ff2509b\" data-element_type=\"widget\" data-widget_type=\"text-editor.default\">\n\t\t\t\t<div class=\"elementor-widget-container\">\n\t\t\t<style>\/*! elementor - v3.14.0 - 26-06-2023 *\/\n.elementor-widget-text-editor.elementor-drop-cap-view-stacked .elementor-drop-cap{background-color:#69727d;color:#fff}.elementor-widget-text-editor.elementor-drop-cap-view-framed .elementor-drop-cap{color:#69727d;border:3px solid;background-color:transparent}.elementor-widget-text-editor:not(.elementor-drop-cap-view-default) .elementor-drop-cap{margin-top:8px}.elementor-widget-text-editor:not(.elementor-drop-cap-view-default) .elementor-drop-cap-letter{width:1em;height:1em}.elementor-widget-text-editor .elementor-drop-cap{float:left;text-align:center;line-height:1;font-size:50px}.elementor-widget-text-editor .elementor-drop-cap-letter{display:inline-block}<\/style>\t\t\t\t<p>La province de Berkane a organis\u00e9 le jeudi 10 ao\u00fbt une c\u00e9l\u00e9bration \u00e0 la salle de conf\u00e9rences, en comm\u00e9moration de la Journ\u00e9e nationale du migrant. Cet \u00e9v\u00e9nement a \u00e9t\u00e9 pr\u00e9sid\u00e9 par Monsieur Mohammed Ali Habouha, le pr\u00e9fet de la province de Berkane, en pr\u00e9sence de membres et d&#8217;associations de la communaut\u00e9 marocaine \u00e0 l&#8217;\u00e9tranger, ainsi que d&#8217;\u00e9lus et de directeurs provinciaux, en plus d&#8217;autres acteurs de la soci\u00e9t\u00e9 \u00a0civile.<\/p><p>Cette journ\u00e9e est consid\u00e9r\u00e9e comme un rendez-vous national rev\u00eatant une valeur et une signification symbolique fortes en raison de son r\u00f4le et de son impact dans le renforcement des liens avec la communaut\u00e9 berkanaise r\u00e9sidant dans divers pays du monde.<\/p><p>Sa Majest\u00e9 le Roi Mohammed VI, que Dieu le prot\u00e8ge, a accord\u00e9 une attention particuli\u00e8re \u00e0 la communaut\u00e9 marocaine en d\u00e9clarant cette journ\u00e9e comme une journ\u00e9e nationale en 2003. Sa Majest\u00e9 a \u00e9galement accord\u00e9 une place exceptionnelle \u00e0 cette communaut\u00e9, comme en t\u00e9moignent plusieurs discours royaux, ainsi que la mise en \u0153uvre de politiques publiques et de programmes r\u00e9pondant \u00e0 leurs aspirations en ce qui concerne les services fournis dans tous les domaines.<\/p><p>En concr\u00e9tisation de ces orientations royales et nationales, la province de Berkane a accord\u00e9 une attention particuli\u00e8re \u00e0 ses MRE, \u00e0 travers la mise \u00a0en place diverses strat\u00e9gies qui ont vu le jour ces derni\u00e8res ann\u00e9es au sein du territoire.<\/p><p>Ces strat\u00e9gies ont \u00e9t\u00e9 traduites en programmes concrets tels que la mise en place d&#8217;un espace d&#8217;accueil au si\u00e8ge de la province de Berkane, dans le but de recevoir les plaintes, les questions et les suggestions des membres de la communaut\u00e9, ainsi que la cr\u00e9ation d&#8217;un centre d\u2019appels et d&#8217;un bureau de coordination \u00e0 leur disposition.<\/p><p>Dans ce contexte, une pr\u00e9sentation d\u00e9taill\u00e9e a \u00e9t\u00e9 faite \u00a0sur les r\u00e9alisations, et les r\u00e9sultats r\u00e9alis\u00e9s \u00a0en ce qui concerne le nombre de plaintes re\u00e7ues et trait\u00e9es, ainsi que des donn\u00e9es relatives \u00e0 leur r\u00e9partition par commune, ainsi que les sujets et les domaines les plus fr\u00e9quents et \u00e0 forte demande.<\/p>\t\t\t\t\t\t<\/div>\n\t\t\t\t<\/div>\n\t\t\t\t\t<\/div>\n\t\t<\/div>\n\t\t\t\t\t\t\t<\/div>\n\t\t<\/section>\n\t\t\t\t<section class=\"elementor-section elementor-top-section elementor-element elementor-element-1e6cc4f elementor-section-boxed elementor-section-height-default elementor-section-height-default\" data-id=\"1e6cc4f\" data-element_type=\"section\">\n\t\t\t\t\t\t<div class=\"elementor-container elementor-column-gap-default\">\n\t\t\t\t\t<div class=\"elementor-column elementor-col-100 elementor-top-column elementor-element elementor-element-8e60b05\" data-id=\"8e60b05\" data-element_type=\"column\">\n\t\t\t<div class=\"elementor-widget-wrap elementor-element-populated\">\n\t\t\t\t\t\t\t\t<div class=\"elementor-element elementor-element-3f3156a elementor-widget elementor-widget-spacer\" data-id=\"3f3156a\" data-element_type=\"widget\" data-widget_type=\"spacer.default\">\n\t\t\t\t<div class=\"elementor-widget-container\">\n\t\t\t<style>\/*! elementor - v3.14.0 - 26-06-2023 *\/\n.elementor-column .elementor-spacer-inner{height:var(--spacer-size)}.e-con{--container-widget-width:100%}.e-con-inner>.elementor-widget-spacer,.e-con>.elementor-widget-spacer{width:var(--container-widget-width,var(--spacer-size));--align-self:var(--container-widget-align-self,initial);--flex-shrink:0}.e-con-inner>.elementor-widget-spacer>.elementor-widget-container,.e-con-inner>.elementor-widget-spacer>.elementor-widget-container>.elementor-spacer,.e-con>.elementor-widget-spacer>.elementor-widget-container,.e-con>.elementor-widget-spacer>.elementor-widget-container>.elementor-spacer{height:100%}.e-con-inner>.elementor-widget-spacer>.elementor-widget-container>.elementor-spacer>.elementor-spacer-inner,.e-con>.elementor-widget-spacer>.elementor-widget-container>.elementor-spacer>.elementor-spacer-inner{height:var(--container-widget-height,var(--spacer-size))}<\/style>\t\t<div class=\"elementor-spacer\">\n\t\t\t<div class=\"elementor-spacer-inner\"><\/div>\n\t\t<\/div>\n\t\t\t\t<\/div>\n\t\t\t\t<\/div>\n\t\t\t\t\t<\/div>\n\t\t<\/div>\n\t\t\t\t\t\t\t<\/div>\n\t\t<\/section>\n\t\t\t\t<section class=\"elementor-section elementor-top-section elementor-element elementor-element-cc847e5 elementor-section-boxed elementor-section-height-default elementor-section-height-default\" data-id=\"cc847e5\" data-element_type=\"section\">\n\t\t\t\t\t\t<div class=\"elementor-container elementor-column-gap-default\">\n\t\t\t\t\t<div class=\"elementor-column elementor-col-100 elementor-top-column elementor-element elementor-element-c65be90\" data-id=\"c65be90\" data-element_type=\"column\">\n\t\t\t<div class=\"elementor-widget-wrap elementor-element-populated\">\n\t\t\t\t\t\t\t\t<div class=\"elementor-element elementor-element-3d6af05 elementor-widget elementor-widget-image\" data-id=\"3d6af05\" data-element_type=\"widget\" data-widget_type=\"image.default\">\n\t\t\t\t<div class=\"elementor-widget-container\">\n\t\t\t<style>\/*! elementor - v3.14.0 - 26-06-2023 *\/\n.elementor-widget-image{text-align:center}.elementor-widget-image a{display:inline-block}.elementor-widget-image a img[src$=\".svg\"]{width:48px}.elementor-widget-image img{vertical-align:middle;display:inline-block}<\/style>\t\t\t\t\t\t\t\t\t\t\t\t<img loading=\"lazy\" decoding=\"async\" width=\"750\" height=\"500\" src=\"https:\/\/berkanewecan.ma\/wp-content\/uploads\/2023\/08\/le-1.jpg\" class=\"attachment-large size-large wp-image-9192\" alt=\"\" srcset=\"https:\/\/berkanewecan.ma\/wp-content\/uploads\/2023\/08\/le-1.jpg 750w, https:\/\/berkanewecan.ma\/wp-content\/uploads\/2023\/08\/le-1-300x200.jpg 300w, https:\/\/berkanewecan.ma\/wp-content\/uploads\/2023\/08\/le-1-18x12.jpg 18w\" sizes=\"auto, (max-width: 750px) 100vw, 750px\" \/>\t\t\t\t\t\t\t\t\t\t\t\t\t\t\t<\/div>\n\t\t\t\t<\/div>\n\t\t\t\t\t<\/div>\n\t\t<\/div>\n\t\t\t\t\t\t\t<\/div>\n\t\t<\/section>\n\t\t\t\t<section class=\"elementor-section elementor-top-section elementor-element elementor-element-abc2f02 elementor-section-boxed elementor-section-height-default elementor-section-height-default\" data-id=\"abc2f02\" data-element_type=\"section\">\n\t\t\t\t\t\t<div class=\"elementor-container elementor-column-gap-default\">\n\t\t\t\t\t<div class=\"elementor-column elementor-col-100 elementor-top-column elementor-element elementor-element-5029b39\" data-id=\"5029b39\" data-element_type=\"column\">\n\t\t\t<div class=\"elementor-widget-wrap elementor-element-populated\">\n\t\t\t\t\t\t\t\t<div class=\"elementor-element elementor-element-21fd572 elementor-widget elementor-widget-image\" data-id=\"21fd572\" data-element_type=\"widget\" data-widget_type=\"image.default\">\n\t\t\t\t<div class=\"elementor-widget-container\">\n\t\t\t\t\t\t\t\t\t\t\t\t\t\t\t<img loading=\"lazy\" decoding=\"async\" width=\"750\" height=\"500\" src=\"https:\/\/berkanewecan.ma\/wp-content\/uploads\/2023\/08\/le-2.jpg\" class=\"attachment-large size-large wp-image-9193\" alt=\"\" srcset=\"https:\/\/berkanewecan.ma\/wp-content\/uploads\/2023\/08\/le-2.jpg 750w, https:\/\/berkanewecan.ma\/wp-content\/uploads\/2023\/08\/le-2-300x200.jpg 300w, https:\/\/berkanewecan.ma\/wp-content\/uploads\/2023\/08\/le-2-18x12.jpg 18w\" sizes=\"auto, (max-width: 750px) 100vw, 750px\" \/>\t\t\t\t\t\t\t\t\t\t\t\t\t\t\t<\/div>\n\t\t\t\t<\/div>\n\t\t\t\t\t<\/div>\n\t\t<\/div>\n\t\t\t\t\t\t\t<\/div>\n\t\t<\/section>\n\t\t\t\t<section class=\"elementor-section elementor-top-section elementor-element elementor-element-3323cc2 elementor-section-boxed elementor-section-height-default elementor-section-height-default\" data-id=\"3323cc2\" data-element_type=\"section\">\n\t\t\t\t\t\t<div class=\"elementor-container elementor-column-gap-default\">\n\t\t\t\t\t<div class=\"elementor-column elementor-col-100 elementor-top-column elementor-element elementor-element-c66939a\" data-id=\"c66939a\" data-element_type=\"column\">\n\t\t\t<div class=\"elementor-widget-wrap elementor-element-populated\">\n\t\t\t\t\t\t\t\t<div class=\"elementor-element elementor-element-b608f62 elementor-widget elementor-widget-image\" data-id=\"b608f62\" data-element_type=\"widget\" data-widget_type=\"image.default\">\n\t\t\t\t<div class=\"elementor-widget-container\">\n\t\t\t\t\t\t\t\t\t\t\t\t\t\t\t<img loading=\"lazy\" decoding=\"async\" width=\"750\" height=\"422\" src=\"https:\/\/berkanewecan.ma\/wp-content\/uploads\/2023\/08\/le-3.jpg\" class=\"attachment-large size-large wp-image-9197\" alt=\"\" srcset=\"https:\/\/berkanewecan.ma\/wp-content\/uploads\/2023\/08\/le-3.jpg 750w, https:\/\/berkanewecan.ma\/wp-content\/uploads\/2023\/08\/le-3-300x169.jpg 300w, https:\/\/berkanewecan.ma\/wp-content\/uploads\/2023\/08\/le-3-18x10.jpg 18w\" sizes=\"auto, (max-width: 750px) 100vw, 750px\" \/>\t\t\t\t\t\t\t\t\t\t\t\t\t\t\t<\/div>\n\t\t\t\t<\/div>\n\t\t\t\t\t<\/div>\n\t\t<\/div>\n\t\t\t\t\t\t\t<\/div>\n\t\t<\/section>\n\t\t\t\t<section class=\"elementor-section elementor-top-section elementor-element elementor-element-45ec6d9 elementor-section-boxed elementor-section-height-default elementor-section-height-default\" data-id=\"45ec6d9\" data-element_type=\"section\">\n\t\t\t\t\t\t<div class=\"elementor-container elementor-column-gap-default\">\n\t\t\t\t\t<div class=\"elementor-column elementor-col-100 elementor-top-column elementor-element elementor-element-b7259cd\" data-id=\"b7259cd\" data-element_type=\"column\">\n\t\t\t<div class=\"elementor-widget-wrap elementor-element-populated\">\n\t\t\t\t\t\t\t\t<div class=\"elementor-element elementor-element-4abc1ae elementor-widget elementor-widget-image\" data-id=\"4abc1ae\" data-element_type=\"widget\" data-widget_type=\"image.default\">\n\t\t\t\t<div class=\"elementor-widget-container\">\n\t\t\t\t\t\t\t\t\t\t\t\t\t\t\t<img loading=\"lazy\" decoding=\"async\" width=\"750\" height=\"500\" src=\"https:\/\/berkanewecan.ma\/wp-content\/uploads\/2023\/08\/le-4.jpg\" class=\"attachment-large size-large wp-image-9198\" alt=\"\" srcset=\"https:\/\/berkanewecan.ma\/wp-content\/uploads\/2023\/08\/le-4.jpg 750w, https:\/\/berkanewecan.ma\/wp-content\/uploads\/2023\/08\/le-4-300x200.jpg 300w, https:\/\/berkanewecan.ma\/wp-content\/uploads\/2023\/08\/le-4-18x12.jpg 18w\" sizes=\"auto, (max-width: 750px) 100vw, 750px\" \/>\t\t\t\t\t\t\t\t\t\t\t\t\t\t\t<\/div>\n\t\t\t\t<\/div>\n\t\t\t\t\t<\/div>\n\t\t<\/div>\n\t\t\t\t\t\t\t<\/div>\n\t\t<\/section>\n\t\t\t\t\t\t\t<\/div>\n\t\t","protected":false},"excerpt":{"rendered":"<p>La province de Berkane a organis\u00e9 le jeudi 10 ao\u00fbt une c\u00e9l\u00e9bration \u00e0 la salle de conf\u00e9rences, en comm\u00e9moration de la Journ\u00e9e nationale du migrant. Cet \u00e9v\u00e9nement a \u00e9t\u00e9 pr\u00e9sid\u00e9 par Monsieur Mohammed Ali Habouha, le pr\u00e9fet de la province de Berkane, en pr\u00e9sence de membres et d&#8217;associations de la communaut\u00e9 marocaine \u00e0 l&#8217;\u00e9tranger, ainsi [&hellip;]<\/p>\n","protected":false},"author":6,"featured_media":9138,"comment_status":"open","ping_status":"closed","sticky":false,"template":"","format":"standard","meta":{"footnotes":""},"categories":[46],"tags":[],"class_list":["post-9137","post","type-post","status-publish","format-standard","has-post-thumbnail","hentry","category-evenement"],"_links":{"self":[{"href":"https:\/\/berkanewecan.ma\/fr\/wp-json\/wp\/v2\/posts\/9137","targetHints":{"allow":["GET"]}}],"collection":[{"href":"https:\/\/berkanewecan.ma\/fr\/wp-json\/wp\/v2\/posts"}],"about":[{"href":"https:\/\/berkanewecan.ma\/fr\/wp-json\/wp\/v2\/types\/post"}],"author":[{"embeddable":true,"href":"https:\/\/berkanewecan.ma\/fr\/wp-json\/wp\/v2\/users\/6"}],"replies":[{"embeddable":true,"href":"https:\/\/berkanewecan.ma\/fr\/wp-json\/wp\/v2\/comments?post=9137"}],"version-history":[{"count":0,"href":"https:\/\/berkanewecan.ma\/fr\/wp-json\/wp\/v2\/posts\/9137\/revisions"}],"wp:featuredmedia":[{"embeddable":true,"href":"https:\/\/berkanewecan.ma\/fr\/wp-json\/wp\/v2\/media\/9138"}],"wp:attachment":[{"href":"https:\/\/berkanewecan.ma\/fr\/wp-json\/wp\/v2\/media?parent=9137"}],"wp:term":[{"taxonomy":"category","embeddable":true,"href":"https:\/\/berkanewecan.ma\/fr\/wp-json\/wp\/v2\/categories?post=9137"},{"taxonomy":"post_tag","embeddable":true,"href":"https:\/\/berkanewecan.ma\/fr\/wp-json\/wp\/v2\/tags?post=9137"}],"curies":[{"name":"wp","href":"https:\/\/api.w.org\/{rel}","templated":true}]}}